{"id":3668,"date":"2019-07-04T10:14:51","date_gmt":"2019-07-04T08:14:51","guid":{"rendered":"http:\/\/vilco.brussels\/?p=3668"},"modified":"2022-04-04T14:47:50","modified_gmt":"2022-04-04T12:47:50","slug":"revons-comment-rendre-la-region-bruxelloise-plus-resiliente","status":"publish","type":"post","link":"http:\/\/vilco.brussels\/?p=3668","title":{"rendered":"R\u00eavons&#8230; Comment rendre la R\u00e9gion bruxelloise plus r\u00e9siliente ?"},"content":{"rendered":"<div id=\"mobilebgfix\">\n<div class=\"mobile-bg-fix-whole-site\">\n<div id=\"content\" class=\"site-content\">\n<div class=\"container\">\n<div class=\"content-left-wrap col-md-9\">\n<div id=\"primary\" class=\"content-area\">\n<article id=\"post-3655\" class=\"post-3655 post type-post status-publish format-standard has-post-thumbnail hentry category-uncategorized-fr\">\n<div class=\"entry-content\">\n<p><img loading=\"lazy\" class=\"aligncenter wp-image-3673 size-full\" src=\"http:\/\/vilco.brussels\/wp-content\/uploads\/2019\/07\/IMG_7826-e1562231447353.jpg\" alt=\"\" width=\"1000\" height=\"750\" \/><\/p>\n<p><em>Par Carol Clara &#8211; <a href=\"https:\/\/www.21solutions.eu\/\">21 Solutions<\/a><\/em><\/p>\n<p><span style=\"color: #979ca9;\">Dynamique locale : Bruxelles Environnement (administration r\u00e9gionale)<\/span><br \/>\n<span style=\"color: #979ca9;\">Th\u00e9matique : Budgets participatifs<\/span><br \/>\n<a href=\"http:\/\/vilco.brussels\/?page_id=3907\"><span style=\"color: #979ca9;\">Exp\u00e9rimentation n\u00b06<\/span><\/a><\/p>\n<h3>Atelier de r\u00e9flexion sur le budget de &lsquo;grands projets citoyens&rsquo;<\/h3>\n<p>Bruxelles Environnement a souhait\u00e9 r\u00e9aliser une exp\u00e9rimentation &lsquo;projective&rsquo;, ce 25 juin 2019, dans le but d\u2019imaginer des sc\u00e9narios sur l\u2019appui \u00e0 apporter pour soutenir des projets et initiatives environnementaux. La mission de l&rsquo;atelier a donc \u00e9t\u00e9 d&rsquo;<strong>identifier quelle est la meilleure mani\u00e8re d\u2019utiliser les moyens d&rsquo;agir de Bruxelles Environnement au pr\u00e8s des citoyens et des autorit\u00e9s locales pour accro\u00eetre la durabilit\u00e9 de la r\u00e9gion Bruxelles Capitale<\/strong>.<\/p>\n<p>La discussion a port\u00e9 sur l&rsquo;allocation des budgets \u201cInspirons le quartier\u201c et celui d\u00e9di\u00e9 aux communes et CPAS. Nos ressources: des cas inspirants et l&rsquo;imagination foisonnante des participants. \u00c9taient pr\u00e9sents, plusieurs initiatives citoyennes, des repr\u00e9sentants des administrations communales, des \u00e9chevins, des conseillers communaux, des repr\u00e9sentants de la soci\u00e9t\u00e9 civile, des associations locales, des coachs d\u2019Inspirons le Quartier et enfin des repr\u00e9sentants de diff\u00e9rents services de Bruxelles Environnement.<\/p>\n<p><img loading=\"lazy\" class=\"size-large wp-image-3672 aligncenter\" src=\"http:\/\/vilco.brussels\/wp-content\/uploads\/2019\/07\/BE_E2_a-1024x248.png\" alt=\"\" width=\"640\" height=\"155\" srcset=\"http:\/\/vilco.brussels\/wp-content\/uploads\/2019\/07\/BE_E2_a-1024x248.png 1024w, http:\/\/vilco.brussels\/wp-content\/uploads\/2019\/07\/BE_E2_a-150x36.png 150w, http:\/\/vilco.brussels\/wp-content\/uploads\/2019\/07\/BE_E2_a-300x73.png 300w, http:\/\/vilco.brussels\/wp-content\/uploads\/2019\/07\/BE_E2_a-768x186.png 768w, http:\/\/vilco.brussels\/wp-content\/uploads\/2019\/07\/BE_E2_a.png 1418w\" sizes=\"(max-width: 640px) 100vw, 640px\" \/><\/p>\n<h3>Grande richesse de la discussion et des propositions<\/h3>\n<p>Pendant pr\u00e8s de 5 heures, nous avons fait remuer nos m\u00e9ninges, discut\u00e9, argument\u00e9 et am\u00e9lior\u00e9 des sc\u00e9narios pour imaginer une ville plus r\u00e9siliente et collaborative. Des scenarios \u00e9clectiques ont \u00e9t\u00e9 dessin\u00e9s lors de cette s\u00e9ance de travail : des appels \u00e0 projets multi-acteurs qui concernent les citoyens, les pouvoirs locaux et aussi des entreprises locales pour stimuler des projets plus ambitieux ; des assembl\u00e9es de quartiers et des budget participatifs multi-acteurs et multi-th\u00e9matiques ; des partenariats administrations r\u00e9gionales \u2013 communes \u2013 communaut\u00e9s ; etc.<\/p>\n<p>Le fil rouge des sc\u00e9narios imagin\u00e9s est la collaboration interinstitutionnelle, ce qui r\u00e9pond au besoin d\u2019imaginer des solutions innovantes et multi facettes aux complexes probl\u00e9matiques et enjeux de la ville.<\/p>\n<p>Nous nous sommes autoris\u00e9s \u00e0 r\u00eaver (un peu, beaucoup, \u00e0 la folie), mais nous esp\u00e9rons n\u00e9anmoins que ces id\u00e9es et pistes de travail puissent inspir\u00e9es d\u2019autres mani\u00e8res de faire !<\/p>\n<\/div>\n<\/article>\n<\/div>\n<\/div>\n<\/div>\n<\/div>\n<\/div>\n<\/div>\n","protected":false},"excerpt":{"rendered":"<p>Par Carol Clara &#8211; 21 Solutions Dynamique locale : Bruxelles Environnement (administration r\u00e9gionale) Th\u00e9matique : Budgets participatifs Exp\u00e9rimentation n\u00b06 Atelier de r\u00e9flexion sur le budget de &lsquo;grands projets citoyens&rsquo; Bruxelles Environnement a souhait\u00e9 r\u00e9aliser une exp\u00e9rimentation &lsquo;projective&rsquo;, ce 25 juin 2019, dans le but d\u2019imaginer des sc\u00e9narios sur l\u2019appui \u00e0 apporter pour soutenir des projets <a href=\"http:\/\/vilco.brussels\/?p=3668\" rel=\"nofollow\"><span class=\"sr-only\">Read more about R\u00eavons&#8230; Comment rendre la R\u00e9gion bruxelloise plus r\u00e9siliente ?<\/span>[&hellip;]<\/a><\/p>\n","protected":false},"author":1,"featured_media":3673,"comment_status":"closed","ping_status":"closed","sticky":false,"template":"","format":"standard","meta":[],"categories":[8],"tags":[],"_links":{"self":[{"href":"http:\/\/vilco.brussels\/index.php?rest_route=\/wp\/v2\/posts\/3668"}],"collection":[{"href":"http:\/\/vilco.brussels\/index.php?rest_route=\/wp\/v2\/posts"}],"about":[{"href":"http:\/\/vilco.brussels\/index.php?rest_route=\/wp\/v2\/types\/post"}],"author":[{"embeddable":true,"href":"http:\/\/vilco.brussels\/index.php?rest_route=\/wp\/v2\/users\/1"}],"replies":[{"embeddable":true,"href":"http:\/\/vilco.brussels\/index.php?rest_route=%2Fwp%2Fv2%2Fcomments&post=3668"}],"version-history":[{"count":11,"href":"http:\/\/vilco.brussels\/index.php?rest_route=\/wp\/v2\/posts\/3668\/revisions"}],"predecessor-version":[{"id":6008,"href":"http:\/\/vilco.brussels\/index.php?rest_route=\/wp\/v2\/posts\/3668\/revisions\/6008"}],"wp:featuredmedia":[{"embeddable":true,"href":"http:\/\/vilco.brussels\/index.php?rest_route=\/wp\/v2\/media\/3673"}],"wp:attachment":[{"href":"http:\/\/vilco.brussels\/index.php?rest_route=%2Fwp%2Fv2%2Fmedia&parent=3668"}],"wp:term":[{"taxonomy":"category","embeddable":true,"href":"http:\/\/vilco.brussels\/index.php?rest_route=%2Fwp%2Fv2%2Fcategories&post=3668"},{"taxonomy":"post_tag","embeddable":true,"href":"http:\/\/vilco.brussels\/index.php?rest_route=%2Fwp%2Fv2%2Ftags&post=3668"}],"curies":[{"name":"wp","href":"https:\/\/api.w.org\/{rel}","templated":true}]}}