{"id":9551,"date":"2020-05-08T12:26:48","date_gmt":"2020-05-08T10:26:48","guid":{"rendered":"http:\/\/vilco.brussels\/?p=9551"},"modified":"2022-04-04T14:40:06","modified_gmt":"2022-04-04T12:40:06","slug":"phasing-out-de-vilco-le-retour-des-living-labs","status":"publish","type":"post","link":"http:\/\/vilco.brussels\/?p=9551","title":{"rendered":"Phasing-out VILCO: sondage des Living labs"},"content":{"rendered":"\n<p>Covid 19 oblige, il n&rsquo;a pas \u00e9t\u00e9 possible de faire le tour des diff\u00e9rentes dynamiques locales pour cl\u00f4turer le projet VILCO dans chacune d&rsquo;elle. Quels sont les coups de c\u0153ur et les coups de gueule ? Qu&rsquo;est-ce que l&rsquo;on aurait pu faire diff\u00e9remment ? Quelles ont \u00e9t\u00e9 les moments d\u00e9terminants du projet ?  Lucia Aboutaoufik de <a href=\"https:\/\/www.21solutions.eu\/\">21 Solutions<\/a> a sond\u00e9 les membres des living labs pour r\u00e9pondre \u00e0 ces questions. La synth\u00e8se des \u00e9changes se retrouve dans le document qui suit.<\/p>\n\n\n\n<figure class=\"wp-block-image size-large\"><a href=\"http:\/\/vilco.brussels\/wp-content\/uploads\/2020\/05\/Phasing-out_Sondage-2020.ppt\"><img loading=\"lazy\" width=\"1024\" height=\"737\" src=\"http:\/\/vilco.brussels\/wp-content\/uploads\/2020\/05\/PhasingOut-1024x737.png\" alt=\"\" class=\"wp-image-9554\" srcset=\"http:\/\/vilco.brussels\/wp-content\/uploads\/2020\/05\/PhasingOut-1024x737.png 1024w, http:\/\/vilco.brussels\/wp-content\/uploads\/2020\/05\/PhasingOut-300x216.png 300w, http:\/\/vilco.brussels\/wp-content\/uploads\/2020\/05\/PhasingOut-150x108.png 150w, http:\/\/vilco.brussels\/wp-content\/uploads\/2020\/05\/PhasingOut-768x553.png 768w, http:\/\/vilco.brussels\/wp-content\/uploads\/2020\/05\/PhasingOut-1536x1106.png 1536w, http:\/\/vilco.brussels\/wp-content\/uploads\/2020\/05\/PhasingOut.png 1650w\" sizes=\"(max-width: 1024px) 100vw, 1024px\" \/><\/a><\/figure>\n","protected":false},"excerpt":{"rendered":"<p>Covid 19 oblige, il n&rsquo;a pas \u00e9t\u00e9 possible de faire le tour des diff\u00e9rentes dynamiques locales pour cl\u00f4turer le projet VILCO dans chacune d&rsquo;elle. Quels sont les coups de c\u0153ur et les coups de gueule ? Qu&rsquo;est-ce que l&rsquo;on aurait pu faire diff\u00e9remment ? Quelles ont \u00e9t\u00e9 les moments d\u00e9terminants du projet ? Lucia Aboutaoufik <a href=\"http:\/\/vilco.brussels\/?p=9551\" rel=\"nofollow\"><span class=\"sr-only\">Read more about Phasing-out VILCO: sondage des Living labs<\/span>[&hellip;]<\/a><\/p>\n","protected":false},"author":1,"featured_media":9554,"comment_status":"closed","ping_status":"closed","sticky":false,"template":"","format":"standard","meta":[],"categories":[8],"tags":[],"_links":{"self":[{"href":"http:\/\/vilco.brussels\/index.php?rest_route=\/wp\/v2\/posts\/9551"}],"collection":[{"href":"http:\/\/vilco.brussels\/index.php?rest_route=\/wp\/v2\/posts"}],"about":[{"href":"http:\/\/vilco.brussels\/index.php?rest_route=\/wp\/v2\/types\/post"}],"author":[{"embeddable":true,"href":"http:\/\/vilco.brussels\/index.php?rest_route=\/wp\/v2\/users\/1"}],"replies":[{"embeddable":true,"href":"http:\/\/vilco.brussels\/index.php?rest_route=%2Fwp%2Fv2%2Fcomments&post=9551"}],"version-history":[{"count":7,"href":"http:\/\/vilco.brussels\/index.php?rest_route=\/wp\/v2\/posts\/9551\/revisions"}],"predecessor-version":[{"id":9559,"href":"http:\/\/vilco.brussels\/index.php?rest_route=\/wp\/v2\/posts\/9551\/revisions\/9559"}],"wp:featuredmedia":[{"embeddable":true,"href":"http:\/\/vilco.brussels\/index.php?rest_route=\/wp\/v2\/media\/9554"}],"wp:attachment":[{"href":"http:\/\/vilco.brussels\/index.php?rest_route=%2Fwp%2Fv2%2Fmedia&parent=9551"}],"wp:term":[{"taxonomy":"category","embeddable":true,"href":"http:\/\/vilco.brussels\/index.php?rest_route=%2Fwp%2Fv2%2Fcategories&post=9551"},{"taxonomy":"post_tag","embeddable":true,"href":"http:\/\/vilco.brussels\/index.php?rest_route=%2Fwp%2Fv2%2Ftags&post=9551"}],"curies":[{"name":"wp","href":"https:\/\/api.w.org\/{rel}","templated":true}]}}